{"id":1,"date":"2016-11-16T15:02:14","date_gmt":"2016-11-16T14:02:14","guid":{"rendered":"http:\/\/trt27.com\/?p=1"},"modified":"2017-01-02T14:36:17","modified_gmt":"2017-01-02T13:36:17","slug":"bonjour-tout-le-monde","status":"publish","type":"post","link":"https:\/\/trt27.com\/index.php\/2016\/11\/16\/bonjour-tout-le-monde\/","title":{"rendered":"Bonjour tout le monde&nbsp;!"},"content":{"rendered":"<p>Bienvenue sur le nouveau site du TRT27.<br \/>\nLe site est actuellement en cours de refonte.<\/p>\n<p>A bient\u00f4t.<\/p>\n","protected":false},"excerpt":{"rendered":"<p>Bienvenue sur le nouveau site du TRT27. Le site est actuellement en cours de refonte. A bient\u00f4t.<\/p>\n","protected":false},"author":1,"featured_media":0,"comment_status":"open","ping_status":"open","sticky":false,"template":"","format":"standard","meta":{"jetpack_post_was_ever_published":false,"_jetpack_newsletter_access":"","_jetpack_newsletter_tier_id":0,"jetpack_publicize_message":"","jetpack_is_tweetstorm":false,"jetpack_publicize_feature_enabled":true,"jetpack_social_post_already_shared":false,"jetpack_social_options":{"image_generator_settings":{"template":"highway","enabled":false}}},"categories":[1],"tags":[],"jetpack_publicize_connections":[],"jetpack_featured_media_url":"","jetpack_sharing_enabled":true,"jetpack_shortlink":"https:\/\/wp.me\/p8fPLR-1","jetpack-related-posts":[{"id":545,"url":"https:\/\/trt27.com\/index.php\/2023\/07\/23\/photos-24-heures-de-spa-francorchamps\/","url_meta":{"origin":1,"position":0},"title":"Photos 24 Heures de Spa Francorchamps","author":"Eric Tan\u00e9sie","date":"23 juillet 2023","format":false,"excerpt":"L'\u00e9quipe du TRT27 \u00e0 Spa 2023 Les pilotes Les pilotes Spa 23 Tom Ward David Shoubridge Tom Oliver Gian Mertens Le Championnat 2023 Classement Provisoire Superstock 2023 Classement Course 24H Spa 2023","rel":"","context":"Dans &quot;24 Heures de Spa Francorchamps&quot;","block_context":{"text":"24 Heures de Spa Francorchamps","link":"https:\/\/trt27.com\/index.php\/category\/24-heures-de-spa-francorchamps\/"},"img":{"alt_text":"","src":"https:\/\/i0.wp.com\/trt27.com\/wp-content\/uploads\/2023\/07\/21-p-scaled.jpg?resize=350%2C200&ssl=1","width":350,"height":200},"classes":[]},{"id":469,"url":"https:\/\/trt27.com\/index.php\/2022\/11\/01\/camion-semi-remorque-trt27\/","url_meta":{"origin":1,"position":1},"title":"Camion Semi Remorque TRT27","author":"Eric Tan\u00e9sie","date":"1 novembre 2022","format":false,"excerpt":"","rel":"","context":"Dans &quot;Semi remorque TRT27&quot;","block_context":{"text":"Semi remorque TRT27","link":"https:\/\/trt27.com\/index.php\/category\/semi-remorque-trt27\/"},"img":{"alt_text":"","src":"https:\/\/i0.wp.com\/trt27.com\/wp-content\/uploads\/2022\/11\/semi-TRT-scaled.jpg?resize=350%2C200&ssl=1","width":350,"height":200,"srcset":"https:\/\/i0.wp.com\/trt27.com\/wp-content\/uploads\/2022\/11\/semi-TRT-scaled.jpg?resize=350%2C200&ssl=1 1x, https:\/\/i0.wp.com\/trt27.com\/wp-content\/uploads\/2022\/11\/semi-TRT-scaled.jpg?resize=525%2C300&ssl=1 1.5x, https:\/\/i0.wp.com\/trt27.com\/wp-content\/uploads\/2022\/11\/semi-TRT-scaled.jpg?resize=700%2C400&ssl=1 2x, https:\/\/i0.wp.com\/trt27.com\/wp-content\/uploads\/2022\/11\/semi-TRT-scaled.jpg?resize=1050%2C600&ssl=1 3x, https:\/\/i0.wp.com\/trt27.com\/wp-content\/uploads\/2022\/11\/semi-TRT-scaled.jpg?resize=1400%2C800&ssl=1 4x"},"classes":[]},{"id":9,"url":"https:\/\/trt27.com\/index.php\/2017\/04\/03\/compte-rendu-essais-pre-mans-2017\/","url_meta":{"origin":1,"position":2},"title":"Compte rendu des essais pr\u00e9-Mans 2017","author":"Eric Tan\u00e9sie","date":"3 avril 2017","format":false,"excerpt":"Nous avions programm\u00e9 deux journ\u00e9es d\u2019essai \u00ab Pr\u00e9-Mans \u00bb, notre\u00a0 premier rendez-vous avant les 24 Heures du Mans. Nous sommes contents de se retrouver, avec l\u2019aide de Laurent Brasseur patron du Bazar 2 la b\u00e9cane au Havre et Suzuki France nous pouvons b\u00e9n\u00e9ficier de la toute nouvelle des GSXR 1000\u2026","rel":"","context":"Dans &quot;2017&quot;","block_context":{"text":"2017","link":"https:\/\/trt27.com\/index.php\/category\/2017\/"},"img":{"alt_text":"24H 2017 Team TRT27","src":"https:\/\/i0.wp.com\/trt27.com\/wp-content\/uploads\/2017\/04\/Team-TRT27-24H17-300x197.jpg?resize=350%2C200","width":350,"height":200,"srcset":"https:\/\/i0.wp.com\/trt27.com\/wp-content\/uploads\/2017\/04\/Team-TRT27-24H17-300x197.jpg?resize=350%2C200 1x, https:\/\/i0.wp.com\/trt27.com\/wp-content\/uploads\/2017\/04\/Team-TRT27-24H17-300x197.jpg?resize=525%2C300 1.5x"},"classes":[]},{"id":101,"url":"https:\/\/trt27.com\/index.php\/2017\/04\/12\/live-stand-24h-du-mans-2017\/","url_meta":{"origin":1,"position":3},"title":"En live depuis le stand des 24h du Mans 2017","author":"Eric Tan\u00e9sie","date":"12 avril 2017","format":"video","excerpt":"Merci \u00e0 NONOCAM","rel":"","context":"Dans &quot;2017&quot;","block_context":{"text":"2017","link":"https:\/\/trt27.com\/index.php\/category\/2017\/"},"img":{"alt_text":"","src":"","width":0,"height":0},"classes":[]},{"id":402,"url":"https:\/\/trt27.com\/index.php\/2022\/06\/27\/cr-24-heures-de-spa-francorchamps-4-5-juin-2022\/","url_meta":{"origin":1,"position":4},"title":"CR 24 Heures de Spa francorchamps 4\/5 juin 2022","author":"Eric Tan\u00e9sie","date":"27 juin 2022","format":false,"excerpt":"CR 24 Heures de Spa Francorchamps TRT27 Bazar 2 la b\u00e9cane 2022 Retour sur une semaine de folie, pour les 24 Heures de Spa Francorchamps. Ce circuit mythique, sur lequel nos pilotes Gian Bianco, Gian Mertens, David Shoubridge et Baptiste Felgerolles (pilote de r\u00e9serve), ont pris un \u00e9norme plaisir avec\u2026","rel":"","context":"Dans &quot;24 Heures de Spa Francorchamps&quot;","block_context":{"text":"24 Heures de Spa Francorchamps","link":"https:\/\/trt27.com\/index.php\/category\/24-heures-de-spa-francorchamps\/"},"img":{"alt_text":"","src":"https:\/\/i0.wp.com\/trt27.com\/wp-content\/uploads\/2022\/06\/Team-24H-Spa-22-p-scaled.jpg?resize=350%2C200&ssl=1","width":350,"height":200,"srcset":"https:\/\/i0.wp.com\/trt27.com\/wp-content\/uploads\/2022\/06\/Team-24H-Spa-22-p-scaled.jpg?resize=350%2C200&ssl=1 1x, https:\/\/i0.wp.com\/trt27.com\/wp-content\/uploads\/2022\/06\/Team-24H-Spa-22-p-scaled.jpg?resize=525%2C300&ssl=1 1.5x, https:\/\/i0.wp.com\/trt27.com\/wp-content\/uploads\/2022\/06\/Team-24H-Spa-22-p-scaled.jpg?resize=700%2C400&ssl=1 2x, https:\/\/i0.wp.com\/trt27.com\/wp-content\/uploads\/2022\/06\/Team-24H-Spa-22-p-scaled.jpg?resize=1050%2C600&ssl=1 3x, https:\/\/i0.wp.com\/trt27.com\/wp-content\/uploads\/2022\/06\/Team-24H-Spa-22-p-scaled.jpg?resize=1400%2C800&ssl=1 4x"},"classes":[]},{"id":543,"url":"https:\/\/trt27.com\/index.php\/2023\/07\/23\/photos-24-heures-du-mans-2023\/","url_meta":{"origin":1,"position":5},"title":"Photos 24 Heures du Mans 2023","author":"Eric Tan\u00e9sie","date":"23 juillet 2023","format":false,"excerpt":"","rel":"","context":"Dans &quot;24h du Mans&quot;","block_context":{"text":"24h du Mans","link":"https:\/\/trt27.com\/index.php\/category\/24h-du-mans\/"},"img":{"alt_text":"","src":"https:\/\/i0.wp.com\/trt27.com\/wp-content\/uploads\/2023\/07\/6.jpg?resize=350%2C200&ssl=1","width":350,"height":200},"classes":[]}],"_links":{"self":[{"href":"https:\/\/trt27.com\/index.php\/wp-json\/wp\/v2\/posts\/1"}],"collection":[{"href":"https:\/\/trt27.com\/index.php\/wp-json\/wp\/v2\/posts"}],"about":[{"href":"https:\/\/trt27.com\/index.php\/wp-json\/wp\/v2\/types\/post"}],"author":[{"embeddable":true,"href":"https:\/\/trt27.com\/index.php\/wp-json\/wp\/v2\/users\/1"}],"replies":[{"embeddable":true,"href":"https:\/\/trt27.com\/index.php\/wp-json\/wp\/v2\/comments?post=1"}],"version-history":[{"count":2,"href":"https:\/\/trt27.com\/index.php\/wp-json\/wp\/v2\/posts\/1\/revisions"}],"predecessor-version":[{"id":7,"href":"https:\/\/trt27.com\/index.php\/wp-json\/wp\/v2\/posts\/1\/revisions\/7"}],"wp:attachment":[{"href":"https:\/\/trt27.com\/index.php\/wp-json\/wp\/v2\/media?parent=1"}],"wp:term":[{"taxonomy":"category","embeddable":true,"href":"https:\/\/trt27.com\/index.php\/wp-json\/wp\/v2\/categories?post=1"},{"taxonomy":"post_tag","embeddable":true,"href":"https:\/\/trt27.com\/index.php\/wp-json\/wp\/v2\/tags?post=1"}],"curies":[{"name":"wp","href":"https:\/\/api.w.org\/{rel}","templated":true}]}}