{"id":101,"date":"2017-04-12T11:24:55","date_gmt":"2017-04-12T09:24:55","guid":{"rendered":"https:\/\/trt27.com\/?p=101"},"modified":"2017-04-12T11:25:46","modified_gmt":"2017-04-12T09:25:46","slug":"live-stand-24h-du-mans-2017","status":"publish","type":"post","link":"https:\/\/trt27.com\/index.php\/2017\/04\/12\/live-stand-24h-du-mans-2017\/","title":{"rendered":"En live depuis le stand des 24h du Mans 2017"},"content":{"rendered":"<div class=\"jetpack-video-wrapper\"><span class=\"embed-youtube\" style=\"text-align:center; display: block;\"><iframe loading=\"lazy\" class=\"youtube-player\" width=\"840\" height=\"473\" src=\"https:\/\/www.youtube.com\/embed\/4EG4dccD6Ak?version=3&#038;rel=1&#038;showsearch=0&#038;showinfo=1&#038;iv_load_policy=1&#038;fs=1&#038;hl=fr-FR&#038;autohide=2&#038;wmode=transparent\" allowfullscreen=\"true\" style=\"border:0;\" sandbox=\"allow-scripts allow-same-origin allow-popups allow-presentation allow-popups-to-escape-sandbox\"><\/iframe><\/span><\/div>\n<p>Merci \u00e0 <a href=\"https:\/\/www.nonocam.fr\/\" target=\"_blank\">NONOCAM<\/a><\/p>\n","protected":false},"excerpt":{"rendered":"<p>Merci \u00e0 NONOCAM<\/p>\n","protected":false},"author":2,"featured_media":0,"comment_status":"open","ping_status":"open","sticky":false,"template":"","format":"video","meta":{"jetpack_post_was_ever_published":false,"_jetpack_newsletter_access":"","_jetpack_newsletter_tier_id":0,"jetpack_publicize_message":"","jetpack_is_tweetstorm":false,"jetpack_publicize_feature_enabled":true,"jetpack_social_post_already_shared":true,"jetpack_social_options":{"image_generator_settings":{"template":"highway","enabled":false}}},"categories":[5,2],"tags":[],"jetpack_publicize_connections":[],"jetpack_featured_media_url":"","jetpack_sharing_enabled":true,"jetpack_shortlink":"https:\/\/wp.me\/p8fPLR-1D","jetpack-related-posts":[{"id":124,"url":"https:\/\/trt27.com\/index.php\/2017\/04\/21\/quelques-photos-des-24h-du-mans-2017\/","url_meta":{"origin":101,"position":0},"title":"Quelques photos des 24h du Mans 2017","author":"Eric Tan\u00e9sie","date":"21 avril 2017","format":"gallery","excerpt":"\u00a0","rel":"","context":"Dans &quot;2017&quot;","block_context":{"text":"2017","link":"https:\/\/trt27.com\/index.php\/category\/2017\/"},"img":{"alt_text":"","src":"https:\/\/i0.wp.com\/trt27.com\/wp-content\/uploads\/2017\/04\/Thibaut-Duchene-24H17.jpg?resize=350%2C200&ssl=1","width":350,"height":200,"srcset":"https:\/\/i0.wp.com\/trt27.com\/wp-content\/uploads\/2017\/04\/Thibaut-Duchene-24H17.jpg?resize=350%2C200&ssl=1 1x, https:\/\/i0.wp.com\/trt27.com\/wp-content\/uploads\/2017\/04\/Thibaut-Duchene-24H17.jpg?resize=525%2C300&ssl=1 1.5x, https:\/\/i0.wp.com\/trt27.com\/wp-content\/uploads\/2017\/04\/Thibaut-Duchene-24H17.jpg?resize=700%2C400&ssl=1 2x"},"classes":[]},{"id":105,"url":"https:\/\/trt27.com\/index.php\/2017\/04\/18\/compte-rendu-24h-du-mans-2017\/","url_meta":{"origin":101,"position":1},"title":"Compte-rendu des 24h du Mans 2017","author":"Eric Tan\u00e9sie","date":"18 avril 2017","format":false,"excerpt":"L\u2019aventure continue\u2026 Apr\u00e8s de bons essais Pr\u00e9-Mans, nous avons r\u00e9cup\u00e9r\u00e9 la 2\u00e8me moto tardivement car celle-ci \u00e9tait partie pour servir de mod\u00e8le \u00e0 la fabrication des car\u00e9nages. Le rodage de cette moto a \u00e9t\u00e9 fait par 2 copains, Pascal et J\u00e9r\u00f4me qui ont fait 900 km en 2 jours seulement,\u2026","rel":"","context":"Dans &quot;2017&quot;","block_context":{"text":"2017","link":"https:\/\/trt27.com\/index.php\/category\/2017\/"},"img":{"alt_text":"","src":"https:\/\/i0.wp.com\/trt27.com\/wp-content\/uploads\/2017\/04\/Team-TRT27-24H17-1-1024x683.jpg?resize=350%2C200&ssl=1","width":350,"height":200,"srcset":"https:\/\/i0.wp.com\/trt27.com\/wp-content\/uploads\/2017\/04\/Team-TRT27-24H17-1-1024x683.jpg?resize=350%2C200&ssl=1 1x, https:\/\/i0.wp.com\/trt27.com\/wp-content\/uploads\/2017\/04\/Team-TRT27-24H17-1-1024x683.jpg?resize=525%2C300&ssl=1 1.5x, https:\/\/i0.wp.com\/trt27.com\/wp-content\/uploads\/2017\/04\/Team-TRT27-24H17-1-1024x683.jpg?resize=700%2C400&ssl=1 2x"},"classes":[]},{"id":9,"url":"https:\/\/trt27.com\/index.php\/2017\/04\/03\/compte-rendu-essais-pre-mans-2017\/","url_meta":{"origin":101,"position":2},"title":"Compte rendu des essais pr\u00e9-Mans 2017","author":"Eric Tan\u00e9sie","date":"3 avril 2017","format":false,"excerpt":"Nous avions programm\u00e9 deux journ\u00e9es d\u2019essai \u00ab Pr\u00e9-Mans \u00bb, notre\u00a0 premier rendez-vous avant les 24 Heures du Mans. Nous sommes contents de se retrouver, avec l\u2019aide de Laurent Brasseur patron du Bazar 2 la b\u00e9cane au Havre et Suzuki France nous pouvons b\u00e9n\u00e9ficier de la toute nouvelle des GSXR 1000\u2026","rel":"","context":"Dans &quot;2017&quot;","block_context":{"text":"2017","link":"https:\/\/trt27.com\/index.php\/category\/2017\/"},"img":{"alt_text":"24H 2017 Team TRT27","src":"https:\/\/i0.wp.com\/trt27.com\/wp-content\/uploads\/2017\/04\/Team-TRT27-24H17-300x197.jpg?resize=350%2C200","width":350,"height":200,"srcset":"https:\/\/i0.wp.com\/trt27.com\/wp-content\/uploads\/2017\/04\/Team-TRT27-24H17-300x197.jpg?resize=350%2C200 1x, https:\/\/i0.wp.com\/trt27.com\/wp-content\/uploads\/2017\/04\/Team-TRT27-24H17-300x197.jpg?resize=525%2C300 1.5x"},"classes":[]},{"id":543,"url":"https:\/\/trt27.com\/index.php\/2023\/07\/23\/photos-24-heures-du-mans-2023\/","url_meta":{"origin":101,"position":3},"title":"Photos 24 Heures du Mans 2023","author":"Eric Tan\u00e9sie","date":"23 juillet 2023","format":false,"excerpt":"","rel":"","context":"Dans &quot;24h du Mans&quot;","block_context":{"text":"24h du Mans","link":"https:\/\/trt27.com\/index.php\/category\/24h-du-mans\/"},"img":{"alt_text":"","src":"https:\/\/i0.wp.com\/trt27.com\/wp-content\/uploads\/2023\/07\/6.jpg?resize=350%2C200&ssl=1","width":350,"height":200},"classes":[]},{"id":285,"url":"https:\/\/trt27.com\/index.php\/2019\/11\/25\/quelques-photos-des-24-heures-du-mans-2019\/","url_meta":{"origin":101,"position":4},"title":"Quelques photos des 24 Heures du Mans 2019","author":"Eric Tan\u00e9sie","date":"25 novembre 2019","format":false,"excerpt":"","rel":"","context":"Dans &quot;24h du Mans&quot;","block_context":{"text":"24h du Mans","link":"https:\/\/trt27.com\/index.php\/category\/24h-du-mans\/"},"img":{"alt_text":"","src":"https:\/\/i0.wp.com\/trt27.com\/wp-content\/uploads\/2019\/11\/phil-1.jpg?resize=350%2C200&ssl=1","width":350,"height":200},"classes":[]},{"id":538,"url":"https:\/\/trt27.com\/index.php\/2023\/07\/22\/cr-24-heures-du-mans-2023\/","url_meta":{"origin":101,"position":5},"title":"CR 24 Heures du Mans 2023","author":"Eric Tan\u00e9sie","date":"22 juillet 2023","format":false,"excerpt":"L'\u00e9quipe des 24 heures du Mans 2023 Retour sur la course des 24 Heures du Mans. Nous avions h\u00e2te de retrouver nos 3 pilotes\u00a0: Tom Ward, David Shoubridge et Tom Oliver. David n\u2019ayant jamais roul\u00e9 au Mans (n\u2019a pas fait les essais pr\u00e9-Mans) j\u2019ai fais le choix de ne pas\u2026","rel":"","context":"Dans &quot;24h du Mans&quot;","block_context":{"text":"24h du Mans","link":"https:\/\/trt27.com\/index.php\/category\/24h-du-mans\/"},"img":{"alt_text":"","src":"https:\/\/i0.wp.com\/trt27.com\/wp-content\/uploads\/2023\/07\/6.jpg?resize=350%2C200&ssl=1","width":350,"height":200,"srcset":"https:\/\/i0.wp.com\/trt27.com\/wp-content\/uploads\/2023\/07\/6.jpg?resize=350%2C200&ssl=1 1x, https:\/\/i0.wp.com\/trt27.com\/wp-content\/uploads\/2023\/07\/6.jpg?resize=525%2C300&ssl=1 1.5x, https:\/\/i0.wp.com\/trt27.com\/wp-content\/uploads\/2023\/07\/6.jpg?resize=700%2C400&ssl=1 2x, https:\/\/i0.wp.com\/trt27.com\/wp-content\/uploads\/2023\/07\/6.jpg?resize=1050%2C600&ssl=1 3x, https:\/\/i0.wp.com\/trt27.com\/wp-content\/uploads\/2023\/07\/6.jpg?resize=1400%2C800&ssl=1 4x"},"classes":[]}],"_links":{"self":[{"href":"https:\/\/trt27.com\/index.php\/wp-json\/wp\/v2\/posts\/101"}],"collection":[{"href":"https:\/\/trt27.com\/index.php\/wp-json\/wp\/v2\/posts"}],"about":[{"href":"https:\/\/trt27.com\/index.php\/wp-json\/wp\/v2\/types\/post"}],"author":[{"embeddable":true,"href":"https:\/\/trt27.com\/index.php\/wp-json\/wp\/v2\/users\/2"}],"replies":[{"embeddable":true,"href":"https:\/\/trt27.com\/index.php\/wp-json\/wp\/v2\/comments?post=101"}],"version-history":[{"count":2,"href":"https:\/\/trt27.com\/index.php\/wp-json\/wp\/v2\/posts\/101\/revisions"}],"predecessor-version":[{"id":103,"href":"https:\/\/trt27.com\/index.php\/wp-json\/wp\/v2\/posts\/101\/revisions\/103"}],"wp:attachment":[{"href":"https:\/\/trt27.com\/index.php\/wp-json\/wp\/v2\/media?parent=101"}],"wp:term":[{"taxonomy":"category","embeddable":true,"href":"https:\/\/trt27.com\/index.php\/wp-json\/wp\/v2\/categories?post=101"},{"taxonomy":"post_tag","embeddable":true,"href":"https:\/\/trt27.com\/index.php\/wp-json\/wp\/v2\/tags?post=101"}],"curies":[{"name":"wp","href":"https:\/\/api.w.org\/{rel}","templated":true}]}}