{"id":402,"date":"2022-06-27T00:16:33","date_gmt":"2022-06-26T22:16:33","guid":{"rendered":"https:\/\/trt27.com\/?p=402"},"modified":"2022-11-01T22:24:49","modified_gmt":"2022-11-01T21:24:49","slug":"cr-24-heures-de-spa-francorchamps-4-5-juin-2022","status":"publish","type":"post","link":"https:\/\/trt27.com\/index.php\/2022\/06\/27\/cr-24-heures-de-spa-francorchamps-4-5-juin-2022\/","title":{"rendered":"CR 24 Heures de Spa francorchamps 4\/5 juin 2022"},"content":{"rendered":"\n<p><strong>CR 24 Heures de Spa Francorchamps TRT27 Bazar 2 la b\u00e9cane 2022<\/strong><\/p>\n\n\n\n<p>Retour sur une semaine de folie, pour les 24 Heures de Spa Francorchamps. Ce circuit mythique, sur lequel nos pilotes Gian Bianco, Gian Mertens, David Shoubridge et Baptiste Felgerolles (pilote de r\u00e9serve), ont pris un \u00e9norme plaisir avec ces courbes rapides, Blanchimont, le raidillon.<\/p>\n\n\n\n<p>Suite aux essais pr\u00e9-Spa, la base ch\u00e2ssis est bonne et nous profitons des essais du mardi pour travailler sur le traction contr\u00f4l qui n\u2019\u00e9tait pas efficace. Gr\u00e2ce \u00e0 Alex G et Steven le feeling des pilotes est maintenant bien meilleur. La cartographie d\u2019injection faite par Pierre de \u00abBCR reprogrammation\u00bb fonctionne \u00e0 merveille.<\/p>\n\n\n\n<p>En qualification, David Shoubridge fera le meilleur chrono le jeudi, mais avec 3 drapeaux rouges en 20 mn difficile de se lancer. Le vendredi Gipi Bianco et Gian Mertens n\u2019ont pu am\u00e9liorer leurs chronos. La moyenne nous fera partir de la 30<sup>\u00e8me<\/sup> place.<\/p>\n\n\n\n<p>David prendra le d\u00e9part, les premiers relais s\u2019encha\u00eenent et nous remontons \u00e0 la 24<sup>\u00e8me<\/sup>place, malheureusement lors du 2<sup>\u00e8me<\/sup> relai de Gian Bianco, un tout droit dans les graviers se termine mal et Gipi se trouve projet\u00e9 et bless\u00e9. Il sera emmen\u00e9 au service m\u00e9dical qui le d\u00e9clarera inapte \u00e0 reprendre le guidon. Il est 18h30, et on sait que faire presque 19 heures de course \u00e0 deux sera compliqu\u00e9.<\/p>\n\n\n\n<p>Entre le retour de la moto et la r\u00e9paration, nous perdons plus de 30min. Mais David et Gian n\u2019ont pas baiss\u00e9 les bras et ont doubl\u00e9 les relais toute la nuit, pour reprendre des relais simples au petit jour. Ils ne l\u00e2cheront rien, de vrais guerriers avec de bons chronos de jours comme de nuit et sous l\u2019eau. Nous finirons \u00e0 la 12<sup>\u00e8me<\/sup> de la cat\u00e9gorie Superstock. Belle r\u00e9compense pour les pilotes d\u2019avoir relev\u00e9 le d\u00e9fi, et franchir la ligne d\u2019arriv\u00e9e en ayant remont\u00e9 huit places. Tr\u00e8s fier de toute l\u2019\u00e9quipe de b\u00e9n\u00e9voles qui a fait des interventions rapides, et un travail avant et durant la semaine incroyable. Prochaine \u00e9tape le Bol d\u2019Or les 17 et 18 septembre.<\/p>\n\n\n\n<p>PS&nbsp;: Une photo de Jean Phi \u00e9tait dans le stand. Il nous a quitt\u00e9 avant Le Mans et nous accompagnera sur les 3 courses.<\/p>\n\n\n\n<p>Un grand merci \u00e0 tous nos partenaires sans qui nous ne pourrions vivre cette belle aventure humaine, qui nous suivent pour 2022<\/p>\n\n\n\n<p>Bazar 2 la B\u00e9cane (76) \u2013 SUZUKI France &#8211; DUNLOP &#8211; ADENET sas Cl\u00e9on 76 \u2013 France Equipement &#8211; AP racing \u2013 Motul \u2013 RK \u2013 batteries UNIBAT &#8211; BIHR &#8211; IXIL &#8211; SOJEP &#8211; GSP paie (gestion de paie) &#8211; BCR reprogrammation &#8211; ATA Logistique &#8211; 100% Pneu Croisy sur Andelle \u2013 Nokian \u2013 HCG\u2019ALU (goutti\u00e8res) &#8211; Boulangerie P\u00e2tisserie Ernoult (Le Neubourg) \u2013 NG services (Crosville la vieille) &#8211; Les p\u2019tites douceurs (Bernay) \u2013 Sas Guenier (Le Neubourg) &#8211; Imprimerie IRS \u2013 Atelier Graphique (Bosroumois) &#8211;&nbsp; Bersoult &#8211; Les Ambulances vall\u00e9e (Brionne) \u2013 Les D\u00e9lices de Saint Pierre Boulangerie Lint\u00f4t &#8211; Carrosserie Industrielle BAIN &#8211; Carrosserie Classic R\u00e9tro Sport \u2013 Lesueur (m\u00e9tallerie Louviers) NBIS \u00e0 Rouen \u2013 micro tracteur Cerneau \u2013 Nonocam.fr \u2013 DLDP Dressing Placards &#8211; M\u00e9canique g\u00e9n\u00e9rale Didier Lechevallier \u2013 STRO suspensions &#8211; Covering Work Zone \u2013 And\u00e9 services \u2013 Eure Flight case &#8211; Bricofer<\/p>\n\n\n\n<p>Eric Tan\u00e9sie Team manager pour le team TRT27 Bazar 2 la b\u00e9cane<\/p>\n\n\n\n<figure class=\"wp-block-image size-large\"><img data-attachment-id=\"409\" data-permalink=\"https:\/\/trt27.com\/index.php\/2022\/06\/27\/cr-24-heures-de-spa-francorchamps-4-5-juin-2022\/team-24h-spa-22-p\/\" data-orig-file=\"https:\/\/i0.wp.com\/trt27.com\/wp-content\/uploads\/2022\/06\/Team-24H-Spa-22-p-scaled.jpg?fit=2560%2C1433&amp;ssl=1\" data-orig-size=\"2560,1433\" data-comments-opened=\"1\" data-image-meta=\"{&quot;aperture&quot;:&quot;5&quot;,&quot;credit&quot;:&quot;Balpix&quot;,&quot;camera&quot;:&quot;Canon EOS-1D X Mark II&quot;,&quot;caption&quot;:&quot;&quot;,&quot;created_timestamp&quot;:&quot;1654337218&quot;,&quot;copyright&quot;:&quot;Levasseur&quot;,&quot;focal_length&quot;:&quot;70&quot;,&quot;iso&quot;:&quot;250&quot;,&quot;shutter_speed&quot;:&quot;0.004&quot;,&quot;title&quot;:&quot;&quot;,&quot;orientation&quot;:&quot;1&quot;}\" data-image-title=\"Team 24H Spa 22 p\" data-image-description=\"\" data-image-caption=\"\" data-medium-file=\"https:\/\/i0.wp.com\/trt27.com\/wp-content\/uploads\/2022\/06\/Team-24H-Spa-22-p-scaled.jpg?fit=300%2C168&amp;ssl=1\" data-large-file=\"https:\/\/i0.wp.com\/trt27.com\/wp-content\/uploads\/2022\/06\/Team-24H-Spa-22-p-scaled.jpg?fit=840%2C470&amp;ssl=1\" decoding=\"async\" loading=\"lazy\" width=\"840\" height=\"470\" src=\"https:\/\/i0.wp.com\/trt27.com\/wp-content\/uploads\/2022\/06\/Team-24H-Spa-22-p.jpg?resize=840%2C470&#038;ssl=1\" alt=\"\" class=\"wp-image-409\" srcset=\"https:\/\/i0.wp.com\/trt27.com\/wp-content\/uploads\/2022\/06\/Team-24H-Spa-22-p-scaled.jpg?resize=1024%2C573&amp;ssl=1 1024w, https:\/\/i0.wp.com\/trt27.com\/wp-content\/uploads\/2022\/06\/Team-24H-Spa-22-p-scaled.jpg?resize=300%2C168&amp;ssl=1 300w, https:\/\/i0.wp.com\/trt27.com\/wp-content\/uploads\/2022\/06\/Team-24H-Spa-22-p-scaled.jpg?resize=768%2C430&amp;ssl=1 768w, https:\/\/i0.wp.com\/trt27.com\/wp-content\/uploads\/2022\/06\/Team-24H-Spa-22-p-scaled.jpg?resize=1536%2C860&amp;ssl=1 1536w, https:\/\/i0.wp.com\/trt27.com\/wp-content\/uploads\/2022\/06\/Team-24H-Spa-22-p-scaled.jpg?resize=2048%2C1146&amp;ssl=1 2048w, https:\/\/i0.wp.com\/trt27.com\/wp-content\/uploads\/2022\/06\/Team-24H-Spa-22-p-scaled.jpg?resize=1200%2C672&amp;ssl=1 1200w, https:\/\/i0.wp.com\/trt27.com\/wp-content\/uploads\/2022\/06\/Team-24H-Spa-22-p-scaled.jpg?w=1680&amp;ssl=1 1680w, https:\/\/i0.wp.com\/trt27.com\/wp-content\/uploads\/2022\/06\/Team-24H-Spa-22-p-scaled.jpg?w=2520&amp;ssl=1 2520w\" sizes=\"(max-width: 709px) 85vw, (max-width: 909px) 67vw, (max-width: 1362px) 62vw, 840px\" data-recalc-dims=\"1\" \/><figcaption>toute l&rsquo;\u00e9quipe pour les 24 Heures de Spa<\/figcaption><\/figure>\n","protected":false},"excerpt":{"rendered":"<p>CR 24 Heures de Spa Francorchamps TRT27 Bazar 2 la b\u00e9cane 2022 Retour sur une semaine de folie, pour les 24 Heures de Spa Francorchamps. Ce circuit mythique, sur lequel nos pilotes Gian Bianco, Gian Mertens, David Shoubridge et Baptiste Felgerolles (pilote de r\u00e9serve), ont pris un \u00e9norme plaisir avec ces courbes rapides, Blanchimont, le &hellip; <a href=\"https:\/\/trt27.com\/index.php\/2022\/06\/27\/cr-24-heures-de-spa-francorchamps-4-5-juin-2022\/\" class=\"more-link\">Continuer la lecture<span class=\"screen-reader-text\"> de &laquo;&nbsp;CR 24 Heures de Spa francorchamps 4\/5 juin 2022&nbsp;&raquo;<\/span><\/a><\/p>\n","protected":false},"author":2,"featured_media":0,"comment_status":"open","ping_status":"open","sticky":false,"template":"","format":"standard","meta":{"jetpack_post_was_ever_published":false,"_jetpack_newsletter_access":"","_jetpack_newsletter_tier_id":0,"jetpack_publicize_message":"","jetpack_is_tweetstorm":false,"jetpack_publicize_feature_enabled":true,"jetpack_social_post_already_shared":true,"jetpack_social_options":{"image_generator_settings":{"template":"highway","enabled":false}}},"categories":[13],"tags":[],"jetpack_publicize_connections":[],"jetpack_featured_media_url":"","jetpack_sharing_enabled":true,"jetpack_shortlink":"https:\/\/wp.me\/p8fPLR-6u","jetpack-related-posts":[{"id":545,"url":"https:\/\/trt27.com\/index.php\/2023\/07\/23\/photos-24-heures-de-spa-francorchamps\/","url_meta":{"origin":402,"position":0},"title":"Photos 24 Heures de Spa Francorchamps","author":"Eric Tan\u00e9sie","date":"23 juillet 2023","format":false,"excerpt":"L'\u00e9quipe du TRT27 \u00e0 Spa 2023 Les pilotes Les pilotes Spa 23 Tom Ward David Shoubridge Tom Oliver Gian Mertens Le Championnat 2023 Classement Provisoire Superstock 2023 Classement Course 24H Spa 2023","rel":"","context":"Dans &quot;24 Heures de Spa Francorchamps&quot;","block_context":{"text":"24 Heures de Spa Francorchamps","link":"https:\/\/trt27.com\/index.php\/category\/24-heures-de-spa-francorchamps\/"},"img":{"alt_text":"","src":"https:\/\/i0.wp.com\/trt27.com\/wp-content\/uploads\/2023\/07\/21-p-scaled.jpg?resize=350%2C200&ssl=1","width":350,"height":200},"classes":[]},{"id":541,"url":"https:\/\/trt27.com\/index.php\/2023\/07\/22\/cr-24-heures-de-spa-francorchamps-2023\/","url_meta":{"origin":402,"position":1},"title":"CR 24 Heures de Spa Francorchamps 2023","author":"Eric Tan\u00e9sie","date":"22 juillet 2023","format":false,"excerpt":"Toute l'\u00e9quipe du TRT27 lors des 24 heures de Spa 23 Bonjour \u00e0 tous, quelle semaine !! couronn\u00e9e d\u2019une 12\u00e8me place au classement g\u00e9n\u00e9ral et la 5\u00e8me de la cat\u00e9gorie Superstock. On a \u00e9norm\u00e9ment gal\u00e9r\u00e9 sur la journ\u00e9e d\u2019essais libres du mercredi. On part avec le mulet le matin et\u2026","rel":"","context":"Dans &quot;24 Heures de Spa Francorchamps&quot;","block_context":{"text":"24 Heures de Spa Francorchamps","link":"https:\/\/trt27.com\/index.php\/category\/24-heures-de-spa-francorchamps\/"},"img":{"alt_text":"","src":"https:\/\/i0.wp.com\/trt27.com\/wp-content\/uploads\/2023\/07\/21-p-scaled.jpg?resize=350%2C200&ssl=1","width":350,"height":200,"srcset":"https:\/\/i0.wp.com\/trt27.com\/wp-content\/uploads\/2023\/07\/21-p-scaled.jpg?resize=350%2C200&ssl=1 1x, https:\/\/i0.wp.com\/trt27.com\/wp-content\/uploads\/2023\/07\/21-p-scaled.jpg?resize=525%2C300&ssl=1 1.5x, https:\/\/i0.wp.com\/trt27.com\/wp-content\/uploads\/2023\/07\/21-p-scaled.jpg?resize=700%2C400&ssl=1 2x, https:\/\/i0.wp.com\/trt27.com\/wp-content\/uploads\/2023\/07\/21-p-scaled.jpg?resize=1050%2C600&ssl=1 3x, https:\/\/i0.wp.com\/trt27.com\/wp-content\/uploads\/2023\/07\/21-p-scaled.jpg?resize=1400%2C800&ssl=1 4x"},"classes":[]},{"id":538,"url":"https:\/\/trt27.com\/index.php\/2023\/07\/22\/cr-24-heures-du-mans-2023\/","url_meta":{"origin":402,"position":2},"title":"CR 24 Heures du Mans 2023","author":"Eric Tan\u00e9sie","date":"22 juillet 2023","format":false,"excerpt":"L'\u00e9quipe des 24 heures du Mans 2023 Retour sur la course des 24 Heures du Mans. Nous avions h\u00e2te de retrouver nos 3 pilotes\u00a0: Tom Ward, David Shoubridge et Tom Oliver. David n\u2019ayant jamais roul\u00e9 au Mans (n\u2019a pas fait les essais pr\u00e9-Mans) j\u2019ai fais le choix de ne pas\u2026","rel":"","context":"Dans &quot;24h du Mans&quot;","block_context":{"text":"24h du Mans","link":"https:\/\/trt27.com\/index.php\/category\/24h-du-mans\/"},"img":{"alt_text":"","src":"https:\/\/i0.wp.com\/trt27.com\/wp-content\/uploads\/2023\/07\/6.jpg?resize=350%2C200&ssl=1","width":350,"height":200,"srcset":"https:\/\/i0.wp.com\/trt27.com\/wp-content\/uploads\/2023\/07\/6.jpg?resize=350%2C200&ssl=1 1x, https:\/\/i0.wp.com\/trt27.com\/wp-content\/uploads\/2023\/07\/6.jpg?resize=525%2C300&ssl=1 1.5x, https:\/\/i0.wp.com\/trt27.com\/wp-content\/uploads\/2023\/07\/6.jpg?resize=700%2C400&ssl=1 2x, https:\/\/i0.wp.com\/trt27.com\/wp-content\/uploads\/2023\/07\/6.jpg?resize=1050%2C600&ssl=1 3x, https:\/\/i0.wp.com\/trt27.com\/wp-content\/uploads\/2023\/07\/6.jpg?resize=1400%2C800&ssl=1 4x"},"classes":[]},{"id":467,"url":"https:\/\/trt27.com\/index.php\/2022\/11\/01\/photos-bol-dor-2022\/","url_meta":{"origin":402,"position":3},"title":"Photos Bol d&rsquo;Or 2022","author":"Eric Tan\u00e9sie","date":"1 novembre 2022","format":false,"excerpt":"David Shoubridge \u00e0 l'arriv\u00e9e du Bol 2022 Tom Oliver Bol-Dor 2022 Tom Oliver Bol 22 Tom Oliver Bol 22 David Shoubridge Bol 22 Gian Mertens Gian Mertens Gian Mertens Bol 22 Gian Mertens David shoubridge Bol 22 Shoubridge David David Shoubridge Gian Mertens","rel":"","context":"Dans &quot;Bol d'Or&quot;","block_context":{"text":"Bol d'Or","link":"https:\/\/trt27.com\/index.php\/category\/bol-dor\/"},"img":{"alt_text":"","src":"https:\/\/i0.wp.com\/trt27.com\/wp-content\/uploads\/2022\/11\/Tom-Oliver.jpg?resize=350%2C200&ssl=1","width":350,"height":200},"classes":[]},{"id":452,"url":"https:\/\/trt27.com\/index.php\/2022\/11\/01\/cr-bol-dor-2022\/","url_meta":{"origin":402,"position":4},"title":"CR Bol d&rsquo;Or 2022","author":"Eric Tan\u00e9sie","date":"1 novembre 2022","format":false,"excerpt":"Bonjour \u00e0 tous, fin d'une semaine de folie, pour les 100 ans du Bol. Quelle semaine nous avons pass\u00e9e\u00a0! Nous n\u2019avions pu faire d\u2019essais Pr\u00e9-Bol (fin ao\u00fbt) car le budget nous manquait. Lundi nous retrouvons nos 3 pilotes, 2 anglais qui ne connaissent pas le circuit\u00a0: David Shoubridge, Tom Oliver\u2026","rel":"","context":"Dans &quot;Bol d'Or&quot;","block_context":{"text":"Bol d'Or","link":"https:\/\/trt27.com\/index.php\/category\/bol-dor\/"},"img":{"alt_text":"","src":"https:\/\/i0.wp.com\/trt27.com\/wp-content\/uploads\/2022\/11\/Team-Bol-22b.jpg?resize=350%2C200&ssl=1","width":350,"height":200,"srcset":"https:\/\/i0.wp.com\/trt27.com\/wp-content\/uploads\/2022\/11\/Team-Bol-22b.jpg?resize=350%2C200&ssl=1 1x, https:\/\/i0.wp.com\/trt27.com\/wp-content\/uploads\/2022\/11\/Team-Bol-22b.jpg?resize=525%2C300&ssl=1 1.5x, https:\/\/i0.wp.com\/trt27.com\/wp-content\/uploads\/2022\/11\/Team-Bol-22b.jpg?resize=700%2C400&ssl=1 2x, https:\/\/i0.wp.com\/trt27.com\/wp-content\/uploads\/2022\/11\/Team-Bol-22b.jpg?resize=1050%2C600&ssl=1 3x, https:\/\/i0.wp.com\/trt27.com\/wp-content\/uploads\/2022\/11\/Team-Bol-22b.jpg?resize=1400%2C800&ssl=1 4x"},"classes":[]},{"id":9,"url":"https:\/\/trt27.com\/index.php\/2017\/04\/03\/compte-rendu-essais-pre-mans-2017\/","url_meta":{"origin":402,"position":5},"title":"Compte rendu des essais pr\u00e9-Mans 2017","author":"Eric Tan\u00e9sie","date":"3 avril 2017","format":false,"excerpt":"Nous avions programm\u00e9 deux journ\u00e9es d\u2019essai \u00ab Pr\u00e9-Mans \u00bb, notre\u00a0 premier rendez-vous avant les 24 Heures du Mans. Nous sommes contents de se retrouver, avec l\u2019aide de Laurent Brasseur patron du Bazar 2 la b\u00e9cane au Havre et Suzuki France nous pouvons b\u00e9n\u00e9ficier de la toute nouvelle des GSXR 1000\u2026","rel":"","context":"Dans &quot;2017&quot;","block_context":{"text":"2017","link":"https:\/\/trt27.com\/index.php\/category\/2017\/"},"img":{"alt_text":"24H 2017 Team TRT27","src":"https:\/\/i0.wp.com\/trt27.com\/wp-content\/uploads\/2017\/04\/Team-TRT27-24H17-300x197.jpg?resize=350%2C200","width":350,"height":200,"srcset":"https:\/\/i0.wp.com\/trt27.com\/wp-content\/uploads\/2017\/04\/Team-TRT27-24H17-300x197.jpg?resize=350%2C200 1x, https:\/\/i0.wp.com\/trt27.com\/wp-content\/uploads\/2017\/04\/Team-TRT27-24H17-300x197.jpg?resize=525%2C300 1.5x"},"classes":[]}],"_links":{"self":[{"href":"https:\/\/trt27.com\/index.php\/wp-json\/wp\/v2\/posts\/402"}],"collection":[{"href":"https:\/\/trt27.com\/index.php\/wp-json\/wp\/v2\/posts"}],"about":[{"href":"https:\/\/trt27.com\/index.php\/wp-json\/wp\/v2\/types\/post"}],"author":[{"embeddable":true,"href":"https:\/\/trt27.com\/index.php\/wp-json\/wp\/v2\/users\/2"}],"replies":[{"embeddable":true,"href":"https:\/\/trt27.com\/index.php\/wp-json\/wp\/v2\/comments?post=402"}],"version-history":[{"count":2,"href":"https:\/\/trt27.com\/index.php\/wp-json\/wp\/v2\/posts\/402\/revisions"}],"predecessor-version":[{"id":410,"href":"https:\/\/trt27.com\/index.php\/wp-json\/wp\/v2\/posts\/402\/revisions\/410"}],"wp:attachment":[{"href":"https:\/\/trt27.com\/index.php\/wp-json\/wp\/v2\/media?parent=402"}],"wp:term":[{"taxonomy":"category","embeddable":true,"href":"https:\/\/trt27.com\/index.php\/wp-json\/wp\/v2\/categories?post=402"},{"taxonomy":"post_tag","embeddable":true,"href":"https:\/\/trt27.com\/index.php\/wp-json\/wp\/v2\/tags?post=402"}],"curies":[{"name":"wp","href":"https:\/\/api.w.org\/{rel}","templated":true}]}}