{"id":538,"date":"2023-07-22T23:43:17","date_gmt":"2023-07-22T21:43:17","guid":{"rendered":"https:\/\/trt27.com\/?p=538"},"modified":"2023-07-23T00:09:06","modified_gmt":"2023-07-22T22:09:06","slug":"cr-24-heures-du-mans-2023","status":"publish","type":"post","link":"https:\/\/trt27.com\/index.php\/2023\/07\/22\/cr-24-heures-du-mans-2023\/","title":{"rendered":"CR 24 Heures du Mans 2023"},"content":{"rendered":"\n<figure class=\"wp-block-image size-large\"><img data-attachment-id=\"525\" data-permalink=\"https:\/\/trt27.com\/6-2\/\" data-orig-file=\"https:\/\/i0.wp.com\/trt27.com\/wp-content\/uploads\/2023\/07\/6.jpg?fit=2048%2C1025&amp;ssl=1\" data-orig-size=\"2048,1025\" data-comments-opened=\"1\" data-image-meta=\"{&quot;aperture&quot;:&quot;0&quot;,&quot;credit&quot;:&quot;Balpix&quot;,&quot;camera&quot;:&quot;&quot;,&quot;caption&quot;:&quot;&quot;,&quot;created_timestamp&quot;:&quot;1681776646&quot;,&quot;copyright&quot;:&quot;Levasseur-Cyril&quot;,&quot;focal_length&quot;:&quot;0&quot;,&quot;iso&quot;:&quot;0&quot;,&quot;shutter_speed&quot;:&quot;0&quot;,&quot;title&quot;:&quot;&quot;,&quot;orientation&quot;:&quot;1&quot;}\" data-image-title=\"6\" data-image-description=\"\" data-image-caption=\"\" data-medium-file=\"https:\/\/i0.wp.com\/trt27.com\/wp-content\/uploads\/2023\/07\/6.jpg?fit=300%2C150&amp;ssl=1\" data-large-file=\"https:\/\/i0.wp.com\/trt27.com\/wp-content\/uploads\/2023\/07\/6.jpg?fit=840%2C421&amp;ssl=1\" decoding=\"async\" loading=\"lazy\" width=\"840\" height=\"421\" src=\"https:\/\/i0.wp.com\/trt27.com\/wp-content\/uploads\/2023\/07\/6.jpg?resize=840%2C421&#038;ssl=1\" alt=\"\" class=\"wp-image-525\" srcset=\"https:\/\/i0.wp.com\/trt27.com\/wp-content\/uploads\/2023\/07\/6.jpg?resize=1024%2C513&amp;ssl=1 1024w, https:\/\/i0.wp.com\/trt27.com\/wp-content\/uploads\/2023\/07\/6.jpg?resize=300%2C150&amp;ssl=1 300w, https:\/\/i0.wp.com\/trt27.com\/wp-content\/uploads\/2023\/07\/6.jpg?resize=768%2C384&amp;ssl=1 768w, https:\/\/i0.wp.com\/trt27.com\/wp-content\/uploads\/2023\/07\/6.jpg?resize=1536%2C769&amp;ssl=1 1536w, https:\/\/i0.wp.com\/trt27.com\/wp-content\/uploads\/2023\/07\/6.jpg?resize=1200%2C601&amp;ssl=1 1200w, https:\/\/i0.wp.com\/trt27.com\/wp-content\/uploads\/2023\/07\/6.jpg?w=2048&amp;ssl=1 2048w, https:\/\/i0.wp.com\/trt27.com\/wp-content\/uploads\/2023\/07\/6.jpg?w=1680&amp;ssl=1 1680w\" sizes=\"(max-width: 709px) 85vw, (max-width: 909px) 67vw, (max-width: 1362px) 62vw, 840px\" data-recalc-dims=\"1\" \/><figcaption>L&rsquo;\u00e9quipe des 24 heures du Mans 2023<\/figcaption><\/figure>\n\n\n\n<p>Retour sur la course des 24 Heures du Mans. Nous avions h\u00e2te de retrouver nos 3 pilotes\u00a0: Tom Ward, David Shoubridge et Tom Oliver. David n\u2019ayant jamais roul\u00e9 au Mans (n\u2019a pas fait les essais pr\u00e9-Mans) j\u2019ai fais le choix de ne pas prendre de pilote de r\u00e9serve afin de favoriser le temps de roulage pour qu\u2019il puisse apprendre le trac\u00e9. Le mardi matin essais libres, la piste est humide et la temp\u00e9rature \u00e0 4 ou 5\u00b0. Pour apprendre c\u2019est pas chaud\u00a0! Dans la matin\u00e9e, David nous surprend on se classant dans les 15 premiers toutes cat\u00e9gories, apparemment il aime\u00a0le trac\u00e9&#8230;<\/p>\n\n\n\n<p>En qualification, on annonce la pluie, les pilotes \u00e9tant plut\u00f4t \u00e0 l\u2019aise dans ces conditions on se dit c\u2019est bon\u2026 malheureusement de l\u2019huile sur la piste et un arr\u00eat prolong\u00e9, la piste a s\u00e9ch\u00e9e et le pneu pluie sur le sec n\u2019a pas permis de faire un bon chrono. Le vendredi la piste tremp\u00e9e ne permet pas d\u2019am\u00e9liorer, seul Tom Ward fera le chrono pour se qualifier, et David et Tom Oliver \u00e9tant d\u00e9j\u00e0 qualifi\u00e9s n\u2019ont pas roul\u00e9. La moyenne nous fera partir de la 31<sup>\u00e8me<\/sup> place. David prendra le d\u00e9part, consigne prudence sur le premier relai, puis tous les relais ont \u00e9t\u00e9 assur\u00e9s dans des chronos de jour comme de nuit tr\u00e8s rapides et constants. Nous remontons \u00e0 la 6<sup>\u00e8me<\/sup> place en Superstock en fin de soir\u00e9e. A 3 heures du matin une fuite de la durite du radiateur d\u2019huile, \u00e9jecte Tom Ward \u00e0 la sortie des stands sous la passerelle Dunlop. Le pilote reviendra au local technique puis au stand, nous avons perdu \u00e9videmment beaucoup de tours, un probl\u00e8me de r\u00e9servoir par la suite, un stop and go et une chute nous ont fait perdre beaucoup de tours, nous remontrons \u00e0 la 8<sup>\u00e8me<\/sup> de la cat\u00e9gorie Superstock et la 19<sup>\u00e8me<\/sup> du g\u00e9n\u00e9ral. Les pilotes pour leur premi\u00e8re exp\u00e9rience au Mans ont montr\u00e9 une vitesse et constance pour viser plus haut dans la cat\u00e9gorie qui motive tous les b\u00e9n\u00e9voles de l\u2019\u00e9quipe pour la prochaine \u00e9tape les 24 Heures de Spa les 17 et 18 juin prochain.<\/p>\n\n\n\n<p>J&rsquo;en profite pour remercier les pilotes qui c\u2019\u00e9taient bien pr\u00e9par\u00e9s cet hiver. Tous les b\u00e9n\u00e9voles, des m\u00e9canos, cuisini\u00e8res panneauteurs, responsables pneu, kin\u00e9, etc.\u2026&nbsp; Pour l\u2019investissement, le temps pass\u00e9 \u00e0 la pr\u00e9paration des motos, du mat\u00e9riel et de la semi. Ainsi que tous nos partenaires sans qui nous ne pourrions vivre cette superbe aventure humaine.<\/p>\n\n\n\n<p>Un grand merci \u00e0 tous nos partenaires qui nous soutiennent pour 2023<\/p>\n\n\n\n<p>Bazar 2 la B\u00e9cane (76) \u2013 SUZUKI France \u2013 DUNLOP \u2013 France Equipement &#8211; AP racing \u2013 Motul \u2013 RK \u2013 batteries UNIBAT &#8211; BIHR \u2013 GB racing &#8211; SOJEP \u2013 IXIL \u2013 Carbone Motovision &#8211; ATA Logistique &#8211; ADENET sas Cl\u00e9on 76 &#8211;&nbsp; 100% Pneu \u2013 Nokian \u2013 GSP paie (gestion paie) &#8211; Boulangerie P\u00e2tisserie Ernoult (Le Neubourg) \u2013 NG services (Crosville la vieille) \u2013 HI Tech (Le Neubourg) &#8211; Les p\u2019tites douceurs (Bernay) \u2013 Imprimerie IRS \u2013 Atelier Graphique (Bosroumois) &#8211; HCG Alu Dal&rsquo;alu 27 &#8211; Les Ambulances vall\u00e9e (Brionne) \u2013 Les D\u00e9lices de Saint Pierre Boulangerie Lint\u00f4t &#8211; Carrosserie Industrielle BAIN &#8211; Carrosserie Classic R\u00e9tro Sport \u2013 Koesio \u00e0 Rouen \u2013 micro tracteur Cerneau \u2013 Nonocam.fr \u2013 DLDP (Dressing Placards)- M\u00e9canique g\u00e9n\u00e9rale Didier Lechevallier \u2013 JLMN&nbsp; \u2013 Covering Workzone \u2013 Eure Flight Case \u2013 Master Pro Bricofer \u2013 SAS Guenier- Leclerc Auto Le Neubourg \u2013 Moteur Sport France<\/p>\n","protected":false},"excerpt":{"rendered":"<p>Retour sur la course des 24 Heures du Mans. Nous avions h\u00e2te de retrouver nos 3 pilotes\u00a0: Tom Ward, David Shoubridge et Tom Oliver. David n\u2019ayant jamais roul\u00e9 au Mans (n\u2019a pas fait les essais pr\u00e9-Mans) j\u2019ai fais le choix de ne pas prendre de pilote de r\u00e9serve afin de favoriser le temps de roulage &hellip; <a href=\"https:\/\/trt27.com\/index.php\/2023\/07\/22\/cr-24-heures-du-mans-2023\/\" class=\"more-link\">Continuer la lecture<span class=\"screen-reader-text\"> de &laquo;&nbsp;CR 24 Heures du Mans 2023&nbsp;&raquo;<\/span><\/a><\/p>\n","protected":false},"author":2,"featured_media":0,"comment_status":"open","ping_status":"open","sticky":false,"template":"","format":"standard","meta":{"jetpack_post_was_ever_published":false,"_jetpack_newsletter_access":"","_jetpack_newsletter_tier_id":0,"jetpack_publicize_message":"","jetpack_is_tweetstorm":false,"jetpack_publicize_feature_enabled":true,"jetpack_social_post_already_shared":true,"jetpack_social_options":{"image_generator_settings":{"template":"highway","enabled":false}}},"categories":[2],"tags":[],"jetpack_publicize_connections":[],"jetpack_featured_media_url":"","jetpack_sharing_enabled":true,"jetpack_shortlink":"https:\/\/wp.me\/p8fPLR-8G","jetpack-related-posts":[{"id":9,"url":"https:\/\/trt27.com\/index.php\/2017\/04\/03\/compte-rendu-essais-pre-mans-2017\/","url_meta":{"origin":538,"position":0},"title":"Compte rendu des essais pr\u00e9-Mans 2017","author":"Eric Tan\u00e9sie","date":"3 avril 2017","format":false,"excerpt":"Nous avions programm\u00e9 deux journ\u00e9es d\u2019essai \u00ab Pr\u00e9-Mans \u00bb, notre\u00a0 premier rendez-vous avant les 24 Heures du Mans. Nous sommes contents de se retrouver, avec l\u2019aide de Laurent Brasseur patron du Bazar 2 la b\u00e9cane au Havre et Suzuki France nous pouvons b\u00e9n\u00e9ficier de la toute nouvelle des GSXR 1000\u2026","rel":"","context":"Dans &quot;2017&quot;","block_context":{"text":"2017","link":"https:\/\/trt27.com\/index.php\/category\/2017\/"},"img":{"alt_text":"24H 2017 Team TRT27","src":"https:\/\/i0.wp.com\/trt27.com\/wp-content\/uploads\/2017\/04\/Team-TRT27-24H17-300x197.jpg?resize=350%2C200","width":350,"height":200,"srcset":"https:\/\/i0.wp.com\/trt27.com\/wp-content\/uploads\/2017\/04\/Team-TRT27-24H17-300x197.jpg?resize=350%2C200 1x, https:\/\/i0.wp.com\/trt27.com\/wp-content\/uploads\/2017\/04\/Team-TRT27-24H17-300x197.jpg?resize=525%2C300 1.5x"},"classes":[]},{"id":541,"url":"https:\/\/trt27.com\/index.php\/2023\/07\/22\/cr-24-heures-de-spa-francorchamps-2023\/","url_meta":{"origin":538,"position":1},"title":"CR 24 Heures de Spa Francorchamps 2023","author":"Eric Tan\u00e9sie","date":"22 juillet 2023","format":false,"excerpt":"Toute l'\u00e9quipe du TRT27 lors des 24 heures de Spa 23 Bonjour \u00e0 tous, quelle semaine !! couronn\u00e9e d\u2019une 12\u00e8me place au classement g\u00e9n\u00e9ral et la 5\u00e8me de la cat\u00e9gorie Superstock. On a \u00e9norm\u00e9ment gal\u00e9r\u00e9 sur la journ\u00e9e d\u2019essais libres du mercredi. On part avec le mulet le matin et\u2026","rel":"","context":"Dans &quot;24 Heures de Spa Francorchamps&quot;","block_context":{"text":"24 Heures de Spa Francorchamps","link":"https:\/\/trt27.com\/index.php\/category\/24-heures-de-spa-francorchamps\/"},"img":{"alt_text":"","src":"https:\/\/i0.wp.com\/trt27.com\/wp-content\/uploads\/2023\/07\/21-p-scaled.jpg?resize=350%2C200&ssl=1","width":350,"height":200,"srcset":"https:\/\/i0.wp.com\/trt27.com\/wp-content\/uploads\/2023\/07\/21-p-scaled.jpg?resize=350%2C200&ssl=1 1x, https:\/\/i0.wp.com\/trt27.com\/wp-content\/uploads\/2023\/07\/21-p-scaled.jpg?resize=525%2C300&ssl=1 1.5x, https:\/\/i0.wp.com\/trt27.com\/wp-content\/uploads\/2023\/07\/21-p-scaled.jpg?resize=700%2C400&ssl=1 2x, https:\/\/i0.wp.com\/trt27.com\/wp-content\/uploads\/2023\/07\/21-p-scaled.jpg?resize=1050%2C600&ssl=1 3x, https:\/\/i0.wp.com\/trt27.com\/wp-content\/uploads\/2023\/07\/21-p-scaled.jpg?resize=1400%2C800&ssl=1 4x"},"classes":[]},{"id":402,"url":"https:\/\/trt27.com\/index.php\/2022\/06\/27\/cr-24-heures-de-spa-francorchamps-4-5-juin-2022\/","url_meta":{"origin":538,"position":2},"title":"CR 24 Heures de Spa francorchamps 4\/5 juin 2022","author":"Eric Tan\u00e9sie","date":"27 juin 2022","format":false,"excerpt":"CR 24 Heures de Spa Francorchamps TRT27 Bazar 2 la b\u00e9cane 2022 Retour sur une semaine de folie, pour les 24 Heures de Spa Francorchamps. Ce circuit mythique, sur lequel nos pilotes Gian Bianco, Gian Mertens, David Shoubridge et Baptiste Felgerolles (pilote de r\u00e9serve), ont pris un \u00e9norme plaisir avec\u2026","rel":"","context":"Dans &quot;24 Heures de Spa Francorchamps&quot;","block_context":{"text":"24 Heures de Spa Francorchamps","link":"https:\/\/trt27.com\/index.php\/category\/24-heures-de-spa-francorchamps\/"},"img":{"alt_text":"","src":"https:\/\/i0.wp.com\/trt27.com\/wp-content\/uploads\/2022\/06\/Team-24H-Spa-22-p-scaled.jpg?resize=350%2C200&ssl=1","width":350,"height":200,"srcset":"https:\/\/i0.wp.com\/trt27.com\/wp-content\/uploads\/2022\/06\/Team-24H-Spa-22-p-scaled.jpg?resize=350%2C200&ssl=1 1x, https:\/\/i0.wp.com\/trt27.com\/wp-content\/uploads\/2022\/06\/Team-24H-Spa-22-p-scaled.jpg?resize=525%2C300&ssl=1 1.5x, https:\/\/i0.wp.com\/trt27.com\/wp-content\/uploads\/2022\/06\/Team-24H-Spa-22-p-scaled.jpg?resize=700%2C400&ssl=1 2x, https:\/\/i0.wp.com\/trt27.com\/wp-content\/uploads\/2022\/06\/Team-24H-Spa-22-p-scaled.jpg?resize=1050%2C600&ssl=1 3x, https:\/\/i0.wp.com\/trt27.com\/wp-content\/uploads\/2022\/06\/Team-24H-Spa-22-p-scaled.jpg?resize=1400%2C800&ssl=1 4x"},"classes":[]},{"id":545,"url":"https:\/\/trt27.com\/index.php\/2023\/07\/23\/photos-24-heures-de-spa-francorchamps\/","url_meta":{"origin":538,"position":3},"title":"Photos 24 Heures de Spa Francorchamps","author":"Eric Tan\u00e9sie","date":"23 juillet 2023","format":false,"excerpt":"L'\u00e9quipe du TRT27 \u00e0 Spa 2023 Les pilotes Les pilotes Spa 23 Tom Ward David Shoubridge Tom Oliver Gian Mertens Le Championnat 2023 Classement Provisoire Superstock 2023 Classement Course 24H Spa 2023","rel":"","context":"Dans &quot;24 Heures de Spa Francorchamps&quot;","block_context":{"text":"24 Heures de Spa Francorchamps","link":"https:\/\/trt27.com\/index.php\/category\/24-heures-de-spa-francorchamps\/"},"img":{"alt_text":"","src":"https:\/\/i0.wp.com\/trt27.com\/wp-content\/uploads\/2023\/07\/21-p-scaled.jpg?resize=350%2C200&ssl=1","width":350,"height":200},"classes":[]},{"id":543,"url":"https:\/\/trt27.com\/index.php\/2023\/07\/23\/photos-24-heures-du-mans-2023\/","url_meta":{"origin":538,"position":4},"title":"Photos 24 Heures du Mans 2023","author":"Eric Tan\u00e9sie","date":"23 juillet 2023","format":false,"excerpt":"","rel":"","context":"Dans &quot;24h du Mans&quot;","block_context":{"text":"24h du Mans","link":"https:\/\/trt27.com\/index.php\/category\/24h-du-mans\/"},"img":{"alt_text":"","src":"https:\/\/i0.wp.com\/trt27.com\/wp-content\/uploads\/2023\/07\/6.jpg?resize=350%2C200&ssl=1","width":350,"height":200},"classes":[]},{"id":285,"url":"https:\/\/trt27.com\/index.php\/2019\/11\/25\/quelques-photos-des-24-heures-du-mans-2019\/","url_meta":{"origin":538,"position":5},"title":"Quelques photos des 24 Heures du Mans 2019","author":"Eric Tan\u00e9sie","date":"25 novembre 2019","format":false,"excerpt":"","rel":"","context":"Dans &quot;24h du Mans&quot;","block_context":{"text":"24h du Mans","link":"https:\/\/trt27.com\/index.php\/category\/24h-du-mans\/"},"img":{"alt_text":"","src":"https:\/\/i0.wp.com\/trt27.com\/wp-content\/uploads\/2019\/11\/phil-1.jpg?resize=350%2C200&ssl=1","width":350,"height":200},"classes":[]}],"_links":{"self":[{"href":"https:\/\/trt27.com\/index.php\/wp-json\/wp\/v2\/posts\/538"}],"collection":[{"href":"https:\/\/trt27.com\/index.php\/wp-json\/wp\/v2\/posts"}],"about":[{"href":"https:\/\/trt27.com\/index.php\/wp-json\/wp\/v2\/types\/post"}],"author":[{"embeddable":true,"href":"https:\/\/trt27.com\/index.php\/wp-json\/wp\/v2\/users\/2"}],"replies":[{"embeddable":true,"href":"https:\/\/trt27.com\/index.php\/wp-json\/wp\/v2\/comments?post=538"}],"version-history":[{"count":2,"href":"https:\/\/trt27.com\/index.php\/wp-json\/wp\/v2\/posts\/538\/revisions"}],"predecessor-version":[{"id":540,"href":"https:\/\/trt27.com\/index.php\/wp-json\/wp\/v2\/posts\/538\/revisions\/540"}],"wp:attachment":[{"href":"https:\/\/trt27.com\/index.php\/wp-json\/wp\/v2\/media?parent=538"}],"wp:term":[{"taxonomy":"category","embeddable":true,"href":"https:\/\/trt27.com\/index.php\/wp-json\/wp\/v2\/categories?post=538"},{"taxonomy":"post_tag","embeddable":true,"href":"https:\/\/trt27.com\/index.php\/wp-json\/wp\/v2\/tags?post=538"}],"curies":[{"name":"wp","href":"https:\/\/api.w.org\/{rel}","templated":true}]}}