{"id":541,"date":"2023-07-22T23:49:46","date_gmt":"2023-07-22T21:49:46","guid":{"rendered":"https:\/\/trt27.com\/?p=541"},"modified":"2023-07-23T00:09:38","modified_gmt":"2023-07-22T22:09:38","slug":"cr-24-heures-de-spa-francorchamps-2023","status":"publish","type":"post","link":"https:\/\/trt27.com\/index.php\/2023\/07\/22\/cr-24-heures-de-spa-francorchamps-2023\/","title":{"rendered":"CR 24 Heures de Spa Francorchamps 2023"},"content":{"rendered":"\n<figure class=\"wp-block-image size-large\"><img data-attachment-id=\"514\" data-permalink=\"https:\/\/trt27.com\/21-p\/\" data-orig-file=\"https:\/\/i0.wp.com\/trt27.com\/wp-content\/uploads\/2023\/07\/21-p-scaled.jpg?fit=2560%2C1236&amp;ssl=1\" data-orig-size=\"2560,1236\" data-comments-opened=\"1\" data-image-meta=\"{&quot;aperture&quot;:&quot;7.1&quot;,&quot;credit&quot;:&quot;Balpix&quot;,&quot;camera&quot;:&quot;Canon EOS-1D X Mark II&quot;,&quot;caption&quot;:&quot;&quot;,&quot;created_timestamp&quot;:&quot;1686999588&quot;,&quot;copyright&quot;:&quot;Levasseur&quot;,&quot;focal_length&quot;:&quot;28&quot;,&quot;iso&quot;:&quot;400&quot;,&quot;shutter_speed&quot;:&quot;0.004&quot;,&quot;title&quot;:&quot;&quot;,&quot;orientation&quot;:&quot;1&quot;}\" data-image-title=\"21 p\" data-image-description=\"\" data-image-caption=\"&lt;p&gt;L&amp;rsquo;\u00e9quipe du TRT27 \u00e0 Spa 2023&lt;\/p&gt;\n\" data-medium-file=\"https:\/\/i0.wp.com\/trt27.com\/wp-content\/uploads\/2023\/07\/21-p-scaled.jpg?fit=300%2C145&amp;ssl=1\" data-large-file=\"https:\/\/i0.wp.com\/trt27.com\/wp-content\/uploads\/2023\/07\/21-p-scaled.jpg?fit=840%2C405&amp;ssl=1\" decoding=\"async\" loading=\"lazy\" width=\"840\" height=\"405\" src=\"https:\/\/i0.wp.com\/trt27.com\/wp-content\/uploads\/2023\/07\/21-p.jpg?resize=840%2C405&#038;ssl=1\" alt=\"\" class=\"wp-image-514\" srcset=\"https:\/\/i0.wp.com\/trt27.com\/wp-content\/uploads\/2023\/07\/21-p-scaled.jpg?resize=1024%2C494&amp;ssl=1 1024w, https:\/\/i0.wp.com\/trt27.com\/wp-content\/uploads\/2023\/07\/21-p-scaled.jpg?resize=300%2C145&amp;ssl=1 300w, https:\/\/i0.wp.com\/trt27.com\/wp-content\/uploads\/2023\/07\/21-p-scaled.jpg?resize=768%2C371&amp;ssl=1 768w, https:\/\/i0.wp.com\/trt27.com\/wp-content\/uploads\/2023\/07\/21-p-scaled.jpg?resize=1536%2C742&amp;ssl=1 1536w, https:\/\/i0.wp.com\/trt27.com\/wp-content\/uploads\/2023\/07\/21-p-scaled.jpg?resize=2048%2C989&amp;ssl=1 2048w, https:\/\/i0.wp.com\/trt27.com\/wp-content\/uploads\/2023\/07\/21-p-scaled.jpg?resize=1200%2C579&amp;ssl=1 1200w, https:\/\/i0.wp.com\/trt27.com\/wp-content\/uploads\/2023\/07\/21-p-scaled.jpg?w=1680&amp;ssl=1 1680w, https:\/\/i0.wp.com\/trt27.com\/wp-content\/uploads\/2023\/07\/21-p-scaled.jpg?w=2520&amp;ssl=1 2520w\" sizes=\"(max-width: 709px) 85vw, (max-width: 909px) 67vw, (max-width: 1362px) 62vw, 840px\" data-recalc-dims=\"1\" \/><figcaption>Toute l&rsquo;\u00e9quipe du TRT27 lors des 24 heures de Spa 23<\/figcaption><\/figure>\n\n\n\n<p><\/p>\n\n\n\n<p>Bonjour \u00e0 tous, quelle semaine !! couronn\u00e9e d\u2019une <strong>12<sup>\u00e8me<\/sup> place au classement g\u00e9n\u00e9ral et la 5\u00e8me de la cat\u00e9gorie Superstock.<\/strong> On a \u00e9norm\u00e9ment gal\u00e9r\u00e9 sur la journ\u00e9e d\u2019essais libres du mercredi.<\/p>\n\n\n\n<p>On part avec le mulet le matin et au bout de quelques tours en freinant, les pistons des \u00e9triers restent bloqu\u00e9s entra\u00eenant une chute. Malheureusement on casse le moteur. Nous utiliserons la moto d\u2019entrainement de David Shoubridge pour l\u2019apr\u00e8s-midi et pour les qualifications.<\/p>\n\n\n\n<p>Durant cette journ\u00e9e, sur la moto de course, nous rodons des disques de freins pendant 2 runs (tout se passe bien), et lors du 3<sup>\u00e8me<\/sup> run malheureusement nous aurons des probl\u00e8mes de coupures moteur jusqu\u2019\u00e0 la fin de la journ\u00e9e. Cinq minutes avant la fin de celle-ci, nous faisons partir Tom Ward pour un tour de lancement et un tour chrono, pour se rassurer sur la moto qui fera les qualifications, et \u2026 2\u201926. On est tranquillis\u00e9 pour le vendredi.<\/p>\n\n\n\n<p>Conclusion du mercredi, une moto en moins, le ch\u00e2ssis de la moto de course non r\u00e9gl\u00e9. Heureusement la base du Mans \u00e9tait bonne.<\/p>\n\n\n\n<p>Vendredi, &nbsp;qualifications avec la moto de David et validation de la moto de course lors des essais de nuit. Les qualifications se passent bien, Tom Ward fera un 2\u201924 (record pour un GSXR), David Shoubridge, Tom Oliver et notre pilote de r\u00e9serve roulent en 2\u201927. &nbsp;Avec les gal\u00e8res du mercredi et le manque de roulage, le potentiel est bien l\u00e0.<\/p>\n\n\n\n<p>Pour les essais de nuit, Gian Mertens d\u00e9bute la session mais un probl\u00e8me technique l\u2019immobilise dans la descente apr\u00e8s la longue ligne droite. La difficult\u00e9 c\u2019est que sans le transpondeur nous ne pouvons pas partir avec le mulet pour valider les 3 tours obligatoires. Apr\u00e8s une attente de plus d\u2019une demi-heure nous r\u00e9cup\u00e9rons la moto, mettons le transpondeur sur le mulet et nous ferons deux runs, le temps de r\u00e9soudre le probl\u00e8me sur la moto de course. Seulement il ne reste que 30 minutes, dans l\u2019ordre Gian, David, Tom W et Tom O font entre 2 et 4 tours et confirme que la moto est top&nbsp;: ch\u00e2ssis, \u00e9lectronique tout est ok. Le sourire des pilotes fait plaisir \u00e0 voir (surtout pour moi !!!), la moto est pr\u00eate pour la course. Excellent boulot des m\u00e9canos qui n\u2019ont pas ch\u00f4m\u00e9s et Charles Cordier de Moteur Sport France qui a r\u00e9ussi \u00e0 adapter les r\u00e9glages pour Spa.<\/p>\n\n\n\n<p>Pour la course, d\u00e9part de Tom Ward de la 26\u00e8me place. Il remonte doucement \u00e0 la 23\u00e8me place. Les pilotes assurent une remont\u00e9e \u00e0 la 17\u00e8me place apr\u00e8s 3 heures de course avec des relais r\u00e9guliers. Durant la nuit, des probl\u00e8mes de filtre \u00e0 huile d\u2019autres concurrents occasionnent des chutes, David perdra l\u2019avant et aura la chance de relever la moto pour ensuite traverser le bac \u00e0 gravier. Il s\u2019en sortira avec une grosse frayeur, derri\u00e8re lui une moto n\u2019a pu \u00e9viter la chute en partant en tonneaux \u2026<\/p>\n\n\n\n<p>Les 3 pilotes s\u2019entendent \u00e0 merveille pour assurer des relais solides, et toute l\u2019\u00e9quipe assurent des interventions au stand rapides. Les derniers sont toujours raides, mais nous finirons \u00e0 3 tours du 4\u00e8me. Quelle joie pour tous de passer cette ligne d\u2019arriv\u00e9e \u00e0 la 5\u00e8me place des Superstock et la 12 du g\u00e9n\u00e9ral. Cela faisait longtemps que nous n\u2019avions plus fait de top 5 !!!<\/p>\n\n\n\n<p>Alors merci aux pilotes : Tom Ward, David Shoubridge, Tom Oliver et Gian Mertens. Ils ont roul\u00e9 tr\u00e8s vite sur une moto qui n\u2019est pas la plus puissante, mais qui \u00e0 d\u2019autres qualit\u00e9s dont la fiabilit\u00e9 (10 courses d\u2019affil\u00e9e de termin\u00e9es) Et surtout merci \u00e0 toute l\u2019\u00e9quipe qui a travaill\u00e9e en amont. C\u2019est une belle r\u00e9compense pour tout le travail effectu\u00e9.<\/p>\n\n\n\n<p>Nous n\u2019avons rien l\u00e2ch\u00e9 malgr\u00e9 les difficult\u00e9s des jours pr\u00e9c\u00e9dents et avec ce r\u00e9sultat nous ne retiendrons que le positif.&nbsp;Nos pilotes visent le podium, nous nous en approchons de plus en plus\u2026<\/p>\n\n\n\n<p>Pourquoi pas au Bol d\u2019Or !<\/p>\n\n\n\n<p>Nous avons tous la motivation, et les capacit\u00e9s pour y arriver mais l\u2019aspect budget est toujours compliqu\u00e9, si de nouveaux partenaires souhaitent vivre notre aventure contactez-nous en msg priv\u00e9.<\/p>\n\n\n\n<p>Nous vous donnons rendez-vous pour la derni\u00e8re course de la saison les 16 et 17 septembre prochain pour le Bol d\u2019Or sur le circuit du Castellet.<\/p>\n\n\n\n<p>Un grand merci \u00e0 tous nos partenaires qui nous soutiennent pour 2023.<\/p>\n\n\n\n<p>Hello everyone!<\/p>\n\n\n\n<p>What a week!! crowned by 12th place overall and 5th in the Superstock class.<\/p>\n\n\n\n<p>&nbsp;We really struggled during free practice on Wednesday.<\/p>\n\n\n\n<p>We started off with the mule in the morning and after a few laps when braking, the pistons in the callipers got stuck, causing us to crash. Unfortunately we broke the engine. We used David Shoubridge&rsquo;s training bike for the afternoon and for qualifying.<\/p>\n\n\n\n<p>During the day, on the race bike, we ran in the brake discs for 2 runs (all went well), and on the 3rd run unfortunately we had engine cut-out problems for the rest of the day. Five minutes before the end of the day, we sent Tom Ward out for a launch lap and a timed lap, to reassure himself about the bike that would be used for qualifying, and &#8230; 2&rsquo;26. That put our minds at rest for Friday.<\/p>\n\n\n\n<p>Wednesday&rsquo;s conclusion, one bike less, the chassis of the race bike not adjusted. Fortunately, the Le Mans base was good.<\/p>\n\n\n\n<p>Friday, qualifying with David&rsquo;s bike and validation of the race bike during night practice. Qualifying went well, with Tom Ward doing a 2&rsquo;24 (record for a GSXR), David Shoubridge, Tom Oliver and our reserve rider doing 2&rsquo;27.&nbsp; With the problems of Wednesday and the lack of riding, the potential is there.<\/p>\n\n\n\n<p>For the night test, Gian Mertens started the session but a technical problem stopped him on the descent after the long straight. The difficulty was that without the transponder we couldn&rsquo;t start with the mule to validate the 3 compulsory laps. After a wait of more than half an hour, we get the bike back, put the transponder on the mule and do two runs, the time it takes to solve the problem on the race bike. With only 30 minutes to go, Gian, David, Tom W and Tom O did between 2 and 4 laps in order and confirmed that the bike was top notch: chassis, electronics, everything was fine. The smiles on the faces of the riders were a pleasure to see (especially for me!!!), and the bike was ready for the race. Excellent work by the mechanics, who were hard at work, and Charles Cordier of Moteur Sport France, who managed to adapt the settings for Spa.<\/p>\n\n\n\n<p>Tom Ward started the race from 26th place. He slowly climbed back up to 23rd place. The drivers climbed back up to 17th place after 3 hours of racing with regular stints. During the night, problems with the oil filters of other competitors led to crashes. David lost the front end and was lucky enough to get the bike up and across the gravel trap. He escaped with a big scare, as a motorbike behind him was unable to avoid the crash by rolling over&#8230;<\/p>\n\n\n\n<p>The 3 drivers got on wonderfully well to ensure solid stints, and the whole team made quick pit stops. The last few laps were always steep, but we finished 3 laps behind the 4th. We were all delighted to cross the finish line in 5th place in the Superstock class and 12th overall. It&rsquo;s been a long time since we&rsquo;ve had a top 5 finish!<\/p>\n\n\n\n<p>So thank you to the riders : Tom Ward, David Shoubridge, Tom Oliver and Gian Mertens. They rode very fast on a bike that isn&rsquo;t the most powerful, but which has other qualities including reliability (10 races in a row completed). And above all, thanks to the whole team who worked so hard beforehand. It&rsquo;s a great reward for all the hard work.<\/p>\n\n\n\n<p>We didn&rsquo;t give up despite the difficulties of the previous days, and with this result we&rsquo;ll only be remembering the positive. Our drivers are aiming for the podium, and we&rsquo;re getting closer and closer&#8230;<\/p>\n\n\n\n<p>Why not at the Bol d&rsquo;Or?<\/p>\n\n\n\n<p>We all have the motivation and the ability to get there, but the budget aspect is always complicated. If any new partners would like to join us in our adventure, please contact us by private message.<\/p>\n\n\n\n<p>We look forward to seeing you at the last race of the season on 16 and 17 September for the Bol d&rsquo;Or on the Le Castellet circuit.<\/p>\n\n\n\n<p>A big thank you to all our partners who are supporting us for 2023.<\/p>\n","protected":false},"excerpt":{"rendered":"<p>Bonjour \u00e0 tous, quelle semaine !! couronn\u00e9e d\u2019une 12\u00e8me place au classement g\u00e9n\u00e9ral et la 5\u00e8me de la cat\u00e9gorie Superstock. On a \u00e9norm\u00e9ment gal\u00e9r\u00e9 sur la journ\u00e9e d\u2019essais libres du mercredi. On part avec le mulet le matin et au bout de quelques tours en freinant, les pistons des \u00e9triers restent bloqu\u00e9s entra\u00eenant une chute. &hellip; <a href=\"https:\/\/trt27.com\/index.php\/2023\/07\/22\/cr-24-heures-de-spa-francorchamps-2023\/\" class=\"more-link\">Continuer la lecture<span class=\"screen-reader-text\"> de &laquo;&nbsp;CR 24 Heures de Spa Francorchamps 2023&nbsp;&raquo;<\/span><\/a><\/p>\n","protected":false},"author":2,"featured_media":0,"comment_status":"open","ping_status":"open","sticky":false,"template":"","format":"standard","meta":{"jetpack_post_was_ever_published":false,"_jetpack_newsletter_access":"","_jetpack_newsletter_tier_id":0,"jetpack_publicize_message":"","jetpack_is_tweetstorm":false,"jetpack_publicize_feature_enabled":true,"jetpack_social_post_already_shared":true,"jetpack_social_options":{"image_generator_settings":{"template":"highway","enabled":false}}},"categories":[13],"tags":[],"jetpack_publicize_connections":[],"jetpack_featured_media_url":"","jetpack_sharing_enabled":true,"jetpack_shortlink":"https:\/\/wp.me\/p8fPLR-8J","jetpack-related-posts":[{"id":545,"url":"https:\/\/trt27.com\/index.php\/2023\/07\/23\/photos-24-heures-de-spa-francorchamps\/","url_meta":{"origin":541,"position":0},"title":"Photos 24 Heures de Spa Francorchamps","author":"Eric Tan\u00e9sie","date":"23 juillet 2023","format":false,"excerpt":"L'\u00e9quipe du TRT27 \u00e0 Spa 2023 Les pilotes Les pilotes Spa 23 Tom Ward David Shoubridge Tom Oliver Gian Mertens Le Championnat 2023 Classement Provisoire Superstock 2023 Classement Course 24H Spa 2023","rel":"","context":"Dans &quot;24 Heures de Spa Francorchamps&quot;","block_context":{"text":"24 Heures de Spa Francorchamps","link":"https:\/\/trt27.com\/index.php\/category\/24-heures-de-spa-francorchamps\/"},"img":{"alt_text":"","src":"https:\/\/i0.wp.com\/trt27.com\/wp-content\/uploads\/2023\/07\/21-p-scaled.jpg?resize=350%2C200&ssl=1","width":350,"height":200},"classes":[]},{"id":402,"url":"https:\/\/trt27.com\/index.php\/2022\/06\/27\/cr-24-heures-de-spa-francorchamps-4-5-juin-2022\/","url_meta":{"origin":541,"position":1},"title":"CR 24 Heures de Spa francorchamps 4\/5 juin 2022","author":"Eric Tan\u00e9sie","date":"27 juin 2022","format":false,"excerpt":"CR 24 Heures de Spa Francorchamps TRT27 Bazar 2 la b\u00e9cane 2022 Retour sur une semaine de folie, pour les 24 Heures de Spa Francorchamps. Ce circuit mythique, sur lequel nos pilotes Gian Bianco, Gian Mertens, David Shoubridge et Baptiste Felgerolles (pilote de r\u00e9serve), ont pris un \u00e9norme plaisir avec\u2026","rel":"","context":"Dans &quot;24 Heures de Spa Francorchamps&quot;","block_context":{"text":"24 Heures de Spa Francorchamps","link":"https:\/\/trt27.com\/index.php\/category\/24-heures-de-spa-francorchamps\/"},"img":{"alt_text":"","src":"https:\/\/i0.wp.com\/trt27.com\/wp-content\/uploads\/2022\/06\/Team-24H-Spa-22-p-scaled.jpg?resize=350%2C200&ssl=1","width":350,"height":200,"srcset":"https:\/\/i0.wp.com\/trt27.com\/wp-content\/uploads\/2022\/06\/Team-24H-Spa-22-p-scaled.jpg?resize=350%2C200&ssl=1 1x, https:\/\/i0.wp.com\/trt27.com\/wp-content\/uploads\/2022\/06\/Team-24H-Spa-22-p-scaled.jpg?resize=525%2C300&ssl=1 1.5x, https:\/\/i0.wp.com\/trt27.com\/wp-content\/uploads\/2022\/06\/Team-24H-Spa-22-p-scaled.jpg?resize=700%2C400&ssl=1 2x, https:\/\/i0.wp.com\/trt27.com\/wp-content\/uploads\/2022\/06\/Team-24H-Spa-22-p-scaled.jpg?resize=1050%2C600&ssl=1 3x, https:\/\/i0.wp.com\/trt27.com\/wp-content\/uploads\/2022\/06\/Team-24H-Spa-22-p-scaled.jpg?resize=1400%2C800&ssl=1 4x"},"classes":[]},{"id":9,"url":"https:\/\/trt27.com\/index.php\/2017\/04\/03\/compte-rendu-essais-pre-mans-2017\/","url_meta":{"origin":541,"position":2},"title":"Compte rendu des essais pr\u00e9-Mans 2017","author":"Eric Tan\u00e9sie","date":"3 avril 2017","format":false,"excerpt":"Nous avions programm\u00e9 deux journ\u00e9es d\u2019essai \u00ab Pr\u00e9-Mans \u00bb, notre\u00a0 premier rendez-vous avant les 24 Heures du Mans. Nous sommes contents de se retrouver, avec l\u2019aide de Laurent Brasseur patron du Bazar 2 la b\u00e9cane au Havre et Suzuki France nous pouvons b\u00e9n\u00e9ficier de la toute nouvelle des GSXR 1000\u2026","rel":"","context":"Dans &quot;2017&quot;","block_context":{"text":"2017","link":"https:\/\/trt27.com\/index.php\/category\/2017\/"},"img":{"alt_text":"24H 2017 Team TRT27","src":"https:\/\/i0.wp.com\/trt27.com\/wp-content\/uploads\/2017\/04\/Team-TRT27-24H17-300x197.jpg?resize=350%2C200","width":350,"height":200,"srcset":"https:\/\/i0.wp.com\/trt27.com\/wp-content\/uploads\/2017\/04\/Team-TRT27-24H17-300x197.jpg?resize=350%2C200 1x, https:\/\/i0.wp.com\/trt27.com\/wp-content\/uploads\/2017\/04\/Team-TRT27-24H17-300x197.jpg?resize=525%2C300 1.5x"},"classes":[]},{"id":538,"url":"https:\/\/trt27.com\/index.php\/2023\/07\/22\/cr-24-heures-du-mans-2023\/","url_meta":{"origin":541,"position":3},"title":"CR 24 Heures du Mans 2023","author":"Eric Tan\u00e9sie","date":"22 juillet 2023","format":false,"excerpt":"L'\u00e9quipe des 24 heures du Mans 2023 Retour sur la course des 24 Heures du Mans. Nous avions h\u00e2te de retrouver nos 3 pilotes\u00a0: Tom Ward, David Shoubridge et Tom Oliver. David n\u2019ayant jamais roul\u00e9 au Mans (n\u2019a pas fait les essais pr\u00e9-Mans) j\u2019ai fais le choix de ne pas\u2026","rel":"","context":"Dans &quot;24h du Mans&quot;","block_context":{"text":"24h du Mans","link":"https:\/\/trt27.com\/index.php\/category\/24h-du-mans\/"},"img":{"alt_text":"","src":"https:\/\/i0.wp.com\/trt27.com\/wp-content\/uploads\/2023\/07\/6.jpg?resize=350%2C200&ssl=1","width":350,"height":200,"srcset":"https:\/\/i0.wp.com\/trt27.com\/wp-content\/uploads\/2023\/07\/6.jpg?resize=350%2C200&ssl=1 1x, https:\/\/i0.wp.com\/trt27.com\/wp-content\/uploads\/2023\/07\/6.jpg?resize=525%2C300&ssl=1 1.5x, https:\/\/i0.wp.com\/trt27.com\/wp-content\/uploads\/2023\/07\/6.jpg?resize=700%2C400&ssl=1 2x, https:\/\/i0.wp.com\/trt27.com\/wp-content\/uploads\/2023\/07\/6.jpg?resize=1050%2C600&ssl=1 3x, https:\/\/i0.wp.com\/trt27.com\/wp-content\/uploads\/2023\/07\/6.jpg?resize=1400%2C800&ssl=1 4x"},"classes":[]},{"id":543,"url":"https:\/\/trt27.com\/index.php\/2023\/07\/23\/photos-24-heures-du-mans-2023\/","url_meta":{"origin":541,"position":4},"title":"Photos 24 Heures du Mans 2023","author":"Eric Tan\u00e9sie","date":"23 juillet 2023","format":false,"excerpt":"","rel":"","context":"Dans &quot;24h du Mans&quot;","block_context":{"text":"24h du Mans","link":"https:\/\/trt27.com\/index.php\/category\/24h-du-mans\/"},"img":{"alt_text":"","src":"https:\/\/i0.wp.com\/trt27.com\/wp-content\/uploads\/2023\/07\/6.jpg?resize=350%2C200&ssl=1","width":350,"height":200},"classes":[]},{"id":285,"url":"https:\/\/trt27.com\/index.php\/2019\/11\/25\/quelques-photos-des-24-heures-du-mans-2019\/","url_meta":{"origin":541,"position":5},"title":"Quelques photos des 24 Heures du Mans 2019","author":"Eric Tan\u00e9sie","date":"25 novembre 2019","format":false,"excerpt":"","rel":"","context":"Dans &quot;24h du Mans&quot;","block_context":{"text":"24h du Mans","link":"https:\/\/trt27.com\/index.php\/category\/24h-du-mans\/"},"img":{"alt_text":"","src":"https:\/\/i0.wp.com\/trt27.com\/wp-content\/uploads\/2019\/11\/phil-1.jpg?resize=350%2C200&ssl=1","width":350,"height":200},"classes":[]}],"_links":{"self":[{"href":"https:\/\/trt27.com\/index.php\/wp-json\/wp\/v2\/posts\/541"}],"collection":[{"href":"https:\/\/trt27.com\/index.php\/wp-json\/wp\/v2\/posts"}],"about":[{"href":"https:\/\/trt27.com\/index.php\/wp-json\/wp\/v2\/types\/post"}],"author":[{"embeddable":true,"href":"https:\/\/trt27.com\/index.php\/wp-json\/wp\/v2\/users\/2"}],"replies":[{"embeddable":true,"href":"https:\/\/trt27.com\/index.php\/wp-json\/wp\/v2\/comments?post=541"}],"version-history":[{"count":1,"href":"https:\/\/trt27.com\/index.php\/wp-json\/wp\/v2\/posts\/541\/revisions"}],"predecessor-version":[{"id":542,"href":"https:\/\/trt27.com\/index.php\/wp-json\/wp\/v2\/posts\/541\/revisions\/542"}],"wp:attachment":[{"href":"https:\/\/trt27.com\/index.php\/wp-json\/wp\/v2\/media?parent=541"}],"wp:term":[{"taxonomy":"category","embeddable":true,"href":"https:\/\/trt27.com\/index.php\/wp-json\/wp\/v2\/categories?post=541"},{"taxonomy":"post_tag","embeddable":true,"href":"https:\/\/trt27.com\/index.php\/wp-json\/wp\/v2\/tags?post=541"}],"curies":[{"name":"wp","href":"https:\/\/api.w.org\/{rel}","templated":true}]}}